{"id":3538,"date":"2022-07-21T14:39:00","date_gmt":"2022-07-21T14:39:00","guid":{"rendered":"https:\/\/www.iqe.es\/jorge-villarroya-greschuhna-new-president-of-the-official-chamber-of-commerce-industry-and-services-of-zaragoza\/"},"modified":"2024-01-23T09:51:45","modified_gmt":"2024-01-23T09:51:45","slug":"jorge-villarroya-greschuhna-new-president-of-the-official-chamber-of-commerce-industry-and-services-of-zaragoza","status":"publish","type":"post","link":"https:\/\/www.iqe.es\/en\/jorge-villarroya-greschuhna-new-president-of-the-official-chamber-of-commerce-industry-and-services-of-zaragoza\/","title":{"rendered":"Jorge Villarroya Greschuhna new president of the Official Chamber of Commerce, Industry and Services of Zaragoza"},"content":{"rendered":"\n<p>On 23 June 2022, Jorge Villarroya Greschuhna, CEO of Industrias Qu\u00edmicas del Ebro (IQE), was appointed <strong>president of the Official Chamber of Commerce, Industry and Services of Zaragoza<\/strong>, a position he will hold for the next four years.<\/p>\n\n<p>During his candidacy, he will be accompanied on the executive committee by Berta Lorente Torrano (<a href=\"http:\/\/www.zaforsa.es\/\" target=\"_blank\" rel=\"noreferrer noopener\">Zaforsa) and Mar\u00eda L\u00f3pez Palac\u00edn (<\/a><a href=\"https:\/\/lopezsoriano.com\/\" target=\"_blank\" rel=\"noreferrer noopener\">Industrias L\u00f3pez Soriano<\/a>) as vice-presidents; Enrique Barbero Lahoz (<a href=\"https:\/\/www.ibercaja.es\/\" target=\"_blank\" rel=\"noreferrer noopener\"><strong>Ibercaja<\/strong><\/a>), as treasurer; and \u00cd\u00f1igo de Yarza L\u00f3pez-Madrazo (<a href=\"https:\/\/www.henneo.com\/\" target=\"_blank\" rel=\"noreferrer noopener\"><strong>Henneo<\/strong><\/a>), \u00c1lvaro Solans Garc\u00eda (<a href=\"https:\/\/www.pikolin.com\/es\" target=\"_blank\" rel=\"noreferrer noopener\"><strong>Pikolin<\/strong><\/a>) and Ignacio Montaner Guti\u00e9rrez (<a href=\"https:\/\/www.endesa.com\/es\" target=\"_blank\" rel=\"noreferrer noopener\"><strong>Endesa<\/strong><\/a>), who will be the committees.<\/p>\n\n<p>Villarroya wants to create new alliances and strategies to support companies in internationalisation, innovation and wealth creation.<\/p>\n","protected":false},"excerpt":{"rendered":"<p>On 23 June 2022, Jorge Villarroya Greschuhna, CEO of Industrias Qu\u00edmicas del Ebro (IQE), was appointed president of the Official Chamber of Commerce, Industry and Services of Zaragoza, a position he will hold for the next four years. During his candidacy, he will be accompanied on the executive committee by Berta Lorente Torrano (Zaforsa) and Mar\u00eda L\u00f3pez Palac\u00edn (Industrias L\u00f3pez Soriano) as vice-presidents; Enrique Barbero Lahoz (Ibercaja), as treasurer; and \u00cd\u00f1igo de Yarza L\u00f3pez-Madrazo (Henneo), \u00c1lvaro Solans Garc\u00eda (Pikolin) and Ignacio Montaner Guti\u00e9rrez (Endesa), who will be the committees. Villarroya wants to create new alliances and strategies to support companies in internationalisation, innovation and wealth creation.<\/p>\n","protected":false},"author":1,"featured_media":3232,"comment_status":"open","ping_status":"open","sticky":false,"template":"","format":"standard","meta":{"footnotes":""},"categories":[1],"tags":[],"class_list":["post-3538","post","type-post","status-publish","format-standard","has-post-thumbnail","hentry","category-sin-categorizar"],"yoast_head":"<!-- This site is optimized with the Yoast SEO plugin v27.3 - https:\/\/yoast.com\/product\/yoast-seo-wordpress\/ -->\n<title>Jorge Villarroya Greschuhna new president of the Official Chamber of Commerce, Industry and Services of Zaragoza - Grupo IQE<\/title>\n<meta name=\"robots\" content=\"index, follow, max-snippet:-1, max-image-preview:large, max-video-preview:-1\" \/>\n<link rel=\"canonical\" href=\"https:\/\/www.iqe.es\/en\/jorge-villarroya-greschuhna-new-president-of-the-official-chamber-of-commerce-industry-and-services-of-zaragoza\/\" \/>\n<meta property=\"og:locale\" content=\"en_US\" \/>\n<meta property=\"og:type\" content=\"article\" \/>\n<meta property=\"og:title\" content=\"Jorge Villarroya Greschuhna new president of the Official Chamber of Commerce, Industry and Services of Zaragoza - Grupo IQE\" \/>\n<meta property=\"og:description\" content=\"On 23 June 2022, Jorge Villarroya Greschuhna, CEO of Industrias Qu\u00edmicas del Ebro (IQE), was appointed president of the Official Chamber of Commerce, Industry and Services of Zaragoza, a position he will hold for the next four years. During his candidacy, he will be accompanied on the executive committee by Berta Lorente Torrano (Zaforsa) and Mar\u00eda L\u00f3pez Palac\u00edn (Industrias L\u00f3pez Soriano) as vice-presidents; Enrique Barbero Lahoz (Ibercaja), as treasurer; and \u00cd\u00f1igo de Yarza L\u00f3pez-Madrazo (Henneo), \u00c1lvaro Solans Garc\u00eda (Pikolin) and Ignacio Montaner Guti\u00e9rrez (Endesa), who will be the committees. Villarroya wants to create new alliances and strategies to support companies in internationalisation, innovation and wealth creation.\" \/>\n<meta property=\"og:url\" content=\"https:\/\/www.iqe.es\/en\/jorge-villarroya-greschuhna-new-president-of-the-official-chamber-of-commerce-industry-and-services-of-zaragoza\/\" \/>\n<meta property=\"og:site_name\" content=\"Grupo IQE\" \/>\n<meta property=\"article:published_time\" content=\"2022-07-21T14:39:00+00:00\" \/>\n<meta property=\"article:modified_time\" content=\"2024-01-23T09:51:45+00:00\" \/>\n<meta property=\"og:image\" content=\"https:\/\/www.iqe.es\/wp-content\/uploads\/2023\/10\/Jorge-villarroya-lidera-la-Camara-Oficial-de-Comercio-Industria-y-Servicios-de-Zaragoza.jpg\" \/>\n\t<meta property=\"og:image:width\" content=\"636\" \/>\n\t<meta property=\"og:image:height\" content=\"310\" \/>\n\t<meta property=\"og:image:type\" content=\"image\/jpeg\" \/>\n<meta name=\"author\" content=\"admin\" \/>\n<meta name=\"twitter:card\" content=\"summary_large_image\" \/>\n<meta name=\"twitter:label1\" content=\"Written by\" \/>\n\t<meta name=\"twitter:data1\" content=\"admin\" \/>\n\t<meta name=\"twitter:label2\" content=\"Est. reading time\" \/>\n\t<meta name=\"twitter:data2\" content=\"1 minute\" \/>\n<script type=\"application\/ld+json\" class=\"yoast-schema-graph\">{\"@context\":\"https:\\\/\\\/schema.org\",\"@graph\":[{\"@type\":\"Article\",\"@id\":\"https:\\\/\\\/www.iqe.es\\\/en\\\/jorge-villarroya-greschuhna-new-president-of-the-official-chamber-of-commerce-industry-and-services-of-zaragoza\\\/#article\",\"isPartOf\":{\"@id\":\"https:\\\/\\\/www.iqe.es\\\/en\\\/jorge-villarroya-greschuhna-new-president-of-the-official-chamber-of-commerce-industry-and-services-of-zaragoza\\\/\"},\"author\":{\"name\":\"admin\",\"@id\":\"https:\\\/\\\/www.iqe.es\\\/en\\\/#\\\/schema\\\/person\\\/27bef82acd68753cbe13e10481e8aea2\"},\"headline\":\"Jorge Villarroya Greschuhna new president of the Official Chamber of Commerce, Industry and Services of Zaragoza\",\"datePublished\":\"2022-07-21T14:39:00+00:00\",\"dateModified\":\"2024-01-23T09:51:45+00:00\",\"mainEntityOfPage\":{\"@id\":\"https:\\\/\\\/www.iqe.es\\\/en\\\/jorge-villarroya-greschuhna-new-president-of-the-official-chamber-of-commerce-industry-and-services-of-zaragoza\\\/\"},\"wordCount\":128,\"commentCount\":0,\"publisher\":{\"@id\":\"https:\\\/\\\/www.iqe.es\\\/en\\\/#organization\"},\"image\":{\"@id\":\"https:\\\/\\\/www.iqe.es\\\/en\\\/jorge-villarroya-greschuhna-new-president-of-the-official-chamber-of-commerce-industry-and-services-of-zaragoza\\\/#primaryimage\"},\"thumbnailUrl\":\"https:\\\/\\\/www.iqe.es\\\/wp-content\\\/uploads\\\/2023\\\/10\\\/Jorge-villarroya-lidera-la-Camara-Oficial-de-Comercio-Industria-y-Servicios-de-Zaragoza.jpg\",\"articleSection\":[\"Sin categorizar\"],\"inLanguage\":\"en-US\",\"potentialAction\":[{\"@type\":\"CommentAction\",\"name\":\"Comment\",\"target\":[\"https:\\\/\\\/www.iqe.es\\\/en\\\/jorge-villarroya-greschuhna-new-president-of-the-official-chamber-of-commerce-industry-and-services-of-zaragoza\\\/#respond\"]}]},{\"@type\":\"WebPage\",\"@id\":\"https:\\\/\\\/www.iqe.es\\\/en\\\/jorge-villarroya-greschuhna-new-president-of-the-official-chamber-of-commerce-industry-and-services-of-zaragoza\\\/\",\"url\":\"https:\\\/\\\/www.iqe.es\\\/en\\\/jorge-villarroya-greschuhna-new-president-of-the-official-chamber-of-commerce-industry-and-services-of-zaragoza\\\/\",\"name\":\"Jorge Villarroya Greschuhna new president of the Official Chamber of Commerce, Industry and Services of Zaragoza - Grupo IQE\",\"isPartOf\":{\"@id\":\"https:\\\/\\\/www.iqe.es\\\/en\\\/#website\"},\"primaryImageOfPage\":{\"@id\":\"https:\\\/\\\/www.iqe.es\\\/en\\\/jorge-villarroya-greschuhna-new-president-of-the-official-chamber-of-commerce-industry-and-services-of-zaragoza\\\/#primaryimage\"},\"image\":{\"@id\":\"https:\\\/\\\/www.iqe.es\\\/en\\\/jorge-villarroya-greschuhna-new-president-of-the-official-chamber-of-commerce-industry-and-services-of-zaragoza\\\/#primaryimage\"},\"thumbnailUrl\":\"https:\\\/\\\/www.iqe.es\\\/wp-content\\\/uploads\\\/2023\\\/10\\\/Jorge-villarroya-lidera-la-Camara-Oficial-de-Comercio-Industria-y-Servicios-de-Zaragoza.jpg\",\"datePublished\":\"2022-07-21T14:39:00+00:00\",\"dateModified\":\"2024-01-23T09:51:45+00:00\",\"breadcrumb\":{\"@id\":\"https:\\\/\\\/www.iqe.es\\\/en\\\/jorge-villarroya-greschuhna-new-president-of-the-official-chamber-of-commerce-industry-and-services-of-zaragoza\\\/#breadcrumb\"},\"inLanguage\":\"en-US\",\"potentialAction\":[{\"@type\":\"ReadAction\",\"target\":[\"https:\\\/\\\/www.iqe.es\\\/en\\\/jorge-villarroya-greschuhna-new-president-of-the-official-chamber-of-commerce-industry-and-services-of-zaragoza\\\/\"]}]},{\"@type\":\"ImageObject\",\"inLanguage\":\"en-US\",\"@id\":\"https:\\\/\\\/www.iqe.es\\\/en\\\/jorge-villarroya-greschuhna-new-president-of-the-official-chamber-of-commerce-industry-and-services-of-zaragoza\\\/#primaryimage\",\"url\":\"https:\\\/\\\/www.iqe.es\\\/wp-content\\\/uploads\\\/2023\\\/10\\\/Jorge-villarroya-lidera-la-Camara-Oficial-de-Comercio-Industria-y-Servicios-de-Zaragoza.jpg\",\"contentUrl\":\"https:\\\/\\\/www.iqe.es\\\/wp-content\\\/uploads\\\/2023\\\/10\\\/Jorge-villarroya-lidera-la-Camara-Oficial-de-Comercio-Industria-y-Servicios-de-Zaragoza.jpg\",\"width\":636,\"height\":310},{\"@type\":\"BreadcrumbList\",\"@id\":\"https:\\\/\\\/www.iqe.es\\\/en\\\/jorge-villarroya-greschuhna-new-president-of-the-official-chamber-of-commerce-industry-and-services-of-zaragoza\\\/#breadcrumb\",\"itemListElement\":[{\"@type\":\"ListItem\",\"position\":1,\"name\":\"Portada\",\"item\":\"https:\\\/\\\/www.iqe.es\\\/en\\\/\"},{\"@type\":\"ListItem\",\"position\":2,\"name\":\"Jorge Villarroya Greschuhna new president of the Official Chamber of Commerce, Industry and Services of Zaragoza\"}]},{\"@type\":\"WebSite\",\"@id\":\"https:\\\/\\\/www.iqe.es\\\/en\\\/#website\",\"url\":\"https:\\\/\\\/www.iqe.es\\\/en\\\/\",\"name\":\"Grupo IQE\",\"description\":\"Industrias qu\u00edmicas del Ebro\",\"publisher\":{\"@id\":\"https:\\\/\\\/www.iqe.es\\\/en\\\/#organization\"},\"potentialAction\":[{\"@type\":\"SearchAction\",\"target\":{\"@type\":\"EntryPoint\",\"urlTemplate\":\"https:\\\/\\\/www.iqe.es\\\/en\\\/?s={search_term_string}\"},\"query-input\":{\"@type\":\"PropertyValueSpecification\",\"valueRequired\":true,\"valueName\":\"search_term_string\"}}],\"inLanguage\":\"en-US\"},{\"@type\":\"Organization\",\"@id\":\"https:\\\/\\\/www.iqe.es\\\/en\\\/#organization\",\"name\":\"Grupo IQE\",\"url\":\"https:\\\/\\\/www.iqe.es\\\/en\\\/\",\"logo\":{\"@type\":\"ImageObject\",\"inLanguage\":\"en-US\",\"@id\":\"https:\\\/\\\/www.iqe.es\\\/en\\\/#\\\/schema\\\/logo\\\/image\\\/\",\"url\":\"https:\\\/\\\/www.iqe.es\\\/wp-content\\\/uploads\\\/2023\\\/09\\\/Logo-grupo-IQE_cmyk.png\",\"contentUrl\":\"https:\\\/\\\/www.iqe.es\\\/wp-content\\\/uploads\\\/2023\\\/09\\\/Logo-grupo-IQE_cmyk.png\",\"width\":171,\"height\":76,\"caption\":\"Grupo IQE\"},\"image\":{\"@id\":\"https:\\\/\\\/www.iqe.es\\\/en\\\/#\\\/schema\\\/logo\\\/image\\\/\"}},{\"@type\":\"Person\",\"@id\":\"https:\\\/\\\/www.iqe.es\\\/en\\\/#\\\/schema\\\/person\\\/27bef82acd68753cbe13e10481e8aea2\",\"name\":\"admin\",\"image\":{\"@type\":\"ImageObject\",\"inLanguage\":\"en-US\",\"@id\":\"https:\\\/\\\/secure.gravatar.com\\\/avatar\\\/72a1c2c29110c51b24ab331caa50c047fa7bde1a5cc295918388613cad8fc0d3?s=96&d=mm&r=g\",\"url\":\"https:\\\/\\\/secure.gravatar.com\\\/avatar\\\/72a1c2c29110c51b24ab331caa50c047fa7bde1a5cc295918388613cad8fc0d3?s=96&d=mm&r=g\",\"contentUrl\":\"https:\\\/\\\/secure.gravatar.com\\\/avatar\\\/72a1c2c29110c51b24ab331caa50c047fa7bde1a5cc295918388613cad8fc0d3?s=96&d=mm&r=g\",\"caption\":\"admin\"},\"sameAs\":[\"https:\\\/\\\/www.iqe.es\"],\"url\":\"https:\\\/\\\/www.iqe.es\\\/en\\\/author\\\/iqe_vyc\\\/\"}]}<\/script>\n<!-- \/ Yoast SEO plugin. -->","yoast_head_json":{"title":"Jorge Villarroya Greschuhna new president of the Official Chamber of Commerce, Industry and Services of Zaragoza - Grupo IQE","robots":{"index":"index","follow":"follow","max-snippet":"max-snippet:-1","max-image-preview":"max-image-preview:large","max-video-preview":"max-video-preview:-1"},"canonical":"https:\/\/www.iqe.es\/en\/jorge-villarroya-greschuhna-new-president-of-the-official-chamber-of-commerce-industry-and-services-of-zaragoza\/","og_locale":"en_US","og_type":"article","og_title":"Jorge Villarroya Greschuhna new president of the Official Chamber of Commerce, Industry and Services of Zaragoza - Grupo IQE","og_description":"On 23 June 2022, Jorge Villarroya Greschuhna, CEO of Industrias Qu\u00edmicas del Ebro (IQE), was appointed president of the Official Chamber of Commerce, Industry and Services of Zaragoza, a position he will hold for the next four years. During his candidacy, he will be accompanied on the executive committee by Berta Lorente Torrano (Zaforsa) and Mar\u00eda L\u00f3pez Palac\u00edn (Industrias L\u00f3pez Soriano) as vice-presidents; Enrique Barbero Lahoz (Ibercaja), as treasurer; and \u00cd\u00f1igo de Yarza L\u00f3pez-Madrazo (Henneo), \u00c1lvaro Solans Garc\u00eda (Pikolin) and Ignacio Montaner Guti\u00e9rrez (Endesa), who will be the committees. Villarroya wants to create new alliances and strategies to support companies in internationalisation, innovation and wealth creation.","og_url":"https:\/\/www.iqe.es\/en\/jorge-villarroya-greschuhna-new-president-of-the-official-chamber-of-commerce-industry-and-services-of-zaragoza\/","og_site_name":"Grupo IQE","article_published_time":"2022-07-21T14:39:00+00:00","article_modified_time":"2024-01-23T09:51:45+00:00","og_image":[{"width":636,"height":310,"url":"https:\/\/www.iqe.es\/wp-content\/uploads\/2023\/10\/Jorge-villarroya-lidera-la-Camara-Oficial-de-Comercio-Industria-y-Servicios-de-Zaragoza.jpg","type":"image\/jpeg"}],"author":"admin","twitter_card":"summary_large_image","twitter_misc":{"Written by":"admin","Est. reading time":"1 minute"},"schema":{"@context":"https:\/\/schema.org","@graph":[{"@type":"Article","@id":"https:\/\/www.iqe.es\/en\/jorge-villarroya-greschuhna-new-president-of-the-official-chamber-of-commerce-industry-and-services-of-zaragoza\/#article","isPartOf":{"@id":"https:\/\/www.iqe.es\/en\/jorge-villarroya-greschuhna-new-president-of-the-official-chamber-of-commerce-industry-and-services-of-zaragoza\/"},"author":{"name":"admin","@id":"https:\/\/www.iqe.es\/en\/#\/schema\/person\/27bef82acd68753cbe13e10481e8aea2"},"headline":"Jorge Villarroya Greschuhna new president of the Official Chamber of Commerce, Industry and Services of Zaragoza","datePublished":"2022-07-21T14:39:00+00:00","dateModified":"2024-01-23T09:51:45+00:00","mainEntityOfPage":{"@id":"https:\/\/www.iqe.es\/en\/jorge-villarroya-greschuhna-new-president-of-the-official-chamber-of-commerce-industry-and-services-of-zaragoza\/"},"wordCount":128,"commentCount":0,"publisher":{"@id":"https:\/\/www.iqe.es\/en\/#organization"},"image":{"@id":"https:\/\/www.iqe.es\/en\/jorge-villarroya-greschuhna-new-president-of-the-official-chamber-of-commerce-industry-and-services-of-zaragoza\/#primaryimage"},"thumbnailUrl":"https:\/\/www.iqe.es\/wp-content\/uploads\/2023\/10\/Jorge-villarroya-lidera-la-Camara-Oficial-de-Comercio-Industria-y-Servicios-de-Zaragoza.jpg","articleSection":["Sin categorizar"],"inLanguage":"en-US","potentialAction":[{"@type":"CommentAction","name":"Comment","target":["https:\/\/www.iqe.es\/en\/jorge-villarroya-greschuhna-new-president-of-the-official-chamber-of-commerce-industry-and-services-of-zaragoza\/#respond"]}]},{"@type":"WebPage","@id":"https:\/\/www.iqe.es\/en\/jorge-villarroya-greschuhna-new-president-of-the-official-chamber-of-commerce-industry-and-services-of-zaragoza\/","url":"https:\/\/www.iqe.es\/en\/jorge-villarroya-greschuhna-new-president-of-the-official-chamber-of-commerce-industry-and-services-of-zaragoza\/","name":"Jorge Villarroya Greschuhna new president of the Official Chamber of Commerce, Industry and Services of Zaragoza - Grupo IQE","isPartOf":{"@id":"https:\/\/www.iqe.es\/en\/#website"},"primaryImageOfPage":{"@id":"https:\/\/www.iqe.es\/en\/jorge-villarroya-greschuhna-new-president-of-the-official-chamber-of-commerce-industry-and-services-of-zaragoza\/#primaryimage"},"image":{"@id":"https:\/\/www.iqe.es\/en\/jorge-villarroya-greschuhna-new-president-of-the-official-chamber-of-commerce-industry-and-services-of-zaragoza\/#primaryimage"},"thumbnailUrl":"https:\/\/www.iqe.es\/wp-content\/uploads\/2023\/10\/Jorge-villarroya-lidera-la-Camara-Oficial-de-Comercio-Industria-y-Servicios-de-Zaragoza.jpg","datePublished":"2022-07-21T14:39:00+00:00","dateModified":"2024-01-23T09:51:45+00:00","breadcrumb":{"@id":"https:\/\/www.iqe.es\/en\/jorge-villarroya-greschuhna-new-president-of-the-official-chamber-of-commerce-industry-and-services-of-zaragoza\/#breadcrumb"},"inLanguage":"en-US","potentialAction":[{"@type":"ReadAction","target":["https:\/\/www.iqe.es\/en\/jorge-villarroya-greschuhna-new-president-of-the-official-chamber-of-commerce-industry-and-services-of-zaragoza\/"]}]},{"@type":"ImageObject","inLanguage":"en-US","@id":"https:\/\/www.iqe.es\/en\/jorge-villarroya-greschuhna-new-president-of-the-official-chamber-of-commerce-industry-and-services-of-zaragoza\/#primaryimage","url":"https:\/\/www.iqe.es\/wp-content\/uploads\/2023\/10\/Jorge-villarroya-lidera-la-Camara-Oficial-de-Comercio-Industria-y-Servicios-de-Zaragoza.jpg","contentUrl":"https:\/\/www.iqe.es\/wp-content\/uploads\/2023\/10\/Jorge-villarroya-lidera-la-Camara-Oficial-de-Comercio-Industria-y-Servicios-de-Zaragoza.jpg","width":636,"height":310},{"@type":"BreadcrumbList","@id":"https:\/\/www.iqe.es\/en\/jorge-villarroya-greschuhna-new-president-of-the-official-chamber-of-commerce-industry-and-services-of-zaragoza\/#breadcrumb","itemListElement":[{"@type":"ListItem","position":1,"name":"Portada","item":"https:\/\/www.iqe.es\/en\/"},{"@type":"ListItem","position":2,"name":"Jorge Villarroya Greschuhna new president of the Official Chamber of Commerce, Industry and Services of Zaragoza"}]},{"@type":"WebSite","@id":"https:\/\/www.iqe.es\/en\/#website","url":"https:\/\/www.iqe.es\/en\/","name":"Grupo IQE","description":"Industrias qu\u00edmicas del Ebro","publisher":{"@id":"https:\/\/www.iqe.es\/en\/#organization"},"potentialAction":[{"@type":"SearchAction","target":{"@type":"EntryPoint","urlTemplate":"https:\/\/www.iqe.es\/en\/?s={search_term_string}"},"query-input":{"@type":"PropertyValueSpecification","valueRequired":true,"valueName":"search_term_string"}}],"inLanguage":"en-US"},{"@type":"Organization","@id":"https:\/\/www.iqe.es\/en\/#organization","name":"Grupo IQE","url":"https:\/\/www.iqe.es\/en\/","logo":{"@type":"ImageObject","inLanguage":"en-US","@id":"https:\/\/www.iqe.es\/en\/#\/schema\/logo\/image\/","url":"https:\/\/www.iqe.es\/wp-content\/uploads\/2023\/09\/Logo-grupo-IQE_cmyk.png","contentUrl":"https:\/\/www.iqe.es\/wp-content\/uploads\/2023\/09\/Logo-grupo-IQE_cmyk.png","width":171,"height":76,"caption":"Grupo IQE"},"image":{"@id":"https:\/\/www.iqe.es\/en\/#\/schema\/logo\/image\/"}},{"@type":"Person","@id":"https:\/\/www.iqe.es\/en\/#\/schema\/person\/27bef82acd68753cbe13e10481e8aea2","name":"admin","image":{"@type":"ImageObject","inLanguage":"en-US","@id":"https:\/\/secure.gravatar.com\/avatar\/72a1c2c29110c51b24ab331caa50c047fa7bde1a5cc295918388613cad8fc0d3?s=96&d=mm&r=g","url":"https:\/\/secure.gravatar.com\/avatar\/72a1c2c29110c51b24ab331caa50c047fa7bde1a5cc295918388613cad8fc0d3?s=96&d=mm&r=g","contentUrl":"https:\/\/secure.gravatar.com\/avatar\/72a1c2c29110c51b24ab331caa50c047fa7bde1a5cc295918388613cad8fc0d3?s=96&d=mm&r=g","caption":"admin"},"sameAs":["https:\/\/www.iqe.es"],"url":"https:\/\/www.iqe.es\/en\/author\/iqe_vyc\/"}]}},"_links":{"self":[{"href":"https:\/\/www.iqe.es\/en\/wp-json\/wp\/v2\/posts\/3538","targetHints":{"allow":["GET"]}}],"collection":[{"href":"https:\/\/www.iqe.es\/en\/wp-json\/wp\/v2\/posts"}],"about":[{"href":"https:\/\/www.iqe.es\/en\/wp-json\/wp\/v2\/types\/post"}],"author":[{"embeddable":true,"href":"https:\/\/www.iqe.es\/en\/wp-json\/wp\/v2\/users\/1"}],"replies":[{"embeddable":true,"href":"https:\/\/www.iqe.es\/en\/wp-json\/wp\/v2\/comments?post=3538"}],"version-history":[{"count":1,"href":"https:\/\/www.iqe.es\/en\/wp-json\/wp\/v2\/posts\/3538\/revisions"}],"predecessor-version":[{"id":3539,"href":"https:\/\/www.iqe.es\/en\/wp-json\/wp\/v2\/posts\/3538\/revisions\/3539"}],"wp:featuredmedia":[{"embeddable":true,"href":"https:\/\/www.iqe.es\/en\/wp-json\/wp\/v2\/media\/3232"}],"wp:attachment":[{"href":"https:\/\/www.iqe.es\/en\/wp-json\/wp\/v2\/media?parent=3538"}],"wp:term":[{"taxonomy":"category","embeddable":true,"href":"https:\/\/www.iqe.es\/en\/wp-json\/wp\/v2\/categories?post=3538"},{"taxonomy":"post_tag","embeddable":true,"href":"https:\/\/www.iqe.es\/en\/wp-json\/wp\/v2\/tags?post=3538"}],"curies":[{"name":"wp","href":"https:\/\/api.w.org\/{rel}","templated":true}]}}